{"id":5350,"__str__":"Parecer n\u00ba 391 de 2025","link_detail_backend":"/materia/5350","metadata":{},"numero":391,"ano":2025,"numero_protocolo":1314,"data_apresentacao":"2025-12-19","tipo_apresentacao":"E","data_publicacao":null,"numero_origem_externa":"","ano_origem_externa":null,"data_origem_externa":null,"apelido":"","dias_prazo":null,"data_fim_prazo":null,"em_tramitacao":false,"polemica":false,"objeto":"","complementar":false,"ementa":"Comiss\u00e3o de Finan\u00e7as, Or\u00e7amento, Controle e Presta\u00e7\u00e3o de Contas\r\nAssunto: Emenda Aditiva n 17/2025 ao Projeto de Lei n\u00ba 142/2025, de autoria do Poder Executivo.\r\nEmenta: Remaneja o Programa de Trabalho 343 - Manuten\u00e7\u00e3o e Efientiza\u00e7\u00e3o do Sistema de Ilumina\u00e7\u00e3o P\u00fablica, Infraestrutura F\u00edsica do \u00d3rg\u00e3o 08 - Secretaria Municipal de Obras e Urbanismo (SMOU) para a o \u00d3rg\u00e3o 32 - Secretaria Municipal de Ordem P\u00fablica e Limpeza Urbana..\r\nRelatora: Vera. Rachel Secundo.\r\nAp\u00f3s exame do Projeto de Lei e de seus impactos potenciais, esta Comiss\u00e3o observa, em rela\u00e7\u00e3o:\r\n1. Aos Aspectos Or\u00e7ament\u00e1rios e Financeiros, o remanejamento proposto:\r\n- N\u00e3o cria novas despesas, apenas realoca dota\u00e7\u00e3o j\u00e1 existente entre \u00f3rg\u00e3os da administra\u00e7\u00e3o;\r\n- Mant\u00e9m o equil\u00edbrio or\u00e7ament\u00e1rio, pois n\u00e3o altera o montante total previsto na Lei de Diretrizes Or\u00e7ament\u00e1rias e na Lei Or\u00e7ament\u00e1ria;\r\n- Aprimora a execu\u00e7\u00e3o or\u00e7ament\u00e1ria, ao alinhar o programa de trabalho ao \u00f3rg\u00e3o que efetivamente executa as a\u00e7\u00f5es de ilumina\u00e7\u00e3o p\u00fablica, aumentando efici\u00eancia e controle.\r\nA realoca\u00e7\u00e3o est\u00e1 em conformidade com os princ\u00edpios de economicidade e boa gest\u00e3o fiscal.\r\n2. \u00c0 Compatibilidade com Normas Cont\u00e1bil\u2011Financeiras, a Emenda:\r\n- Observa as regras da Lei n\u00ba 4.320/1964 e da Lei de Responsabilidade Fiscal, uma vez que n\u00e3o amplia despesas e respeita a estrutura program\u00e1tica do or\u00e7amento;\r\n- Mant\u00e9m a integridade das classifica\u00e7\u00f5es or\u00e7ament\u00e1rias, preservando afinalidade do programa de trabalho;\r\n- Est\u00e1 alinhada \u00e0s Normas Brasileiras de Contabilidade Aplicadas ao Setor P\u00fablico (NBCASP), especialmente no que se refere \u00e0 correta aloca\u00e7\u00e3o de despesas por unidade gestora. N\u00e3o h\u00e1 incompatibilidades t\u00e9cnicas ou legais que impe\u00e7am sua aprova\u00e7\u00e3o.\r\nDiante do exposto, a Comiss\u00e3o de Finan\u00e7as, Or\u00e7amento, Controle e Presta\u00e7\u00e3o de Contas opina FAVORAVELMENTE \u00e0 aprova\u00e7\u00e3o da Emenda Aditiva n\u00ba 17/2025 ao Projeto de Lei n\u00ba 142/2025, por entender que a proposta \u00e9 or\u00e7ament\u00e1ria e financeiramente adequada; n\u00e3o compromete o equil\u00edbrio fiscal; aperfei\u00e7oa a execu\u00e7\u00e3o das a\u00e7\u00f5es p\u00fablicas; e Est\u00e1 plenamente compat\u00edvel com as normas cont\u00e1bil\u2011financeiras vigentes.\r\n\u00c9 o Parecer.\r\nSala das Comiss\u00f5es, ter\u00e7a-feira, 23 de dezembro de 2025.\r\nVer. Guilherme Farias\r\nPresidente\r\nVera. Rachel Secundo\r\nRelatora\r\nVer. Z\u00e9 Domingos\r\nMembro","indexacao":"","observacao":"","resultado":"","texto_original":"http://sapl.itaguai.rj.leg.br/media/sapl/public/materialegislativa/2025/5350/parecer_cfocpc_ses_17_2025.pdf","data_ultima_atualizacao":"2025-12-23T13:32:43.987161-03:00","ip":"177.69.24.177","ultima_edicao":"2025-12-19T17:05:15.442107-03:00","tipo":12,"regime_tramitacao":1,"tipo_origem_externa":null,"local_origem_externa":null,"user":28,"anexadas":[],"autores":[33]}