{"id":5104,"__str__":"Parecer n\u00ba 318 de 2025","link_detail_backend":"/materia/5104","metadata":{},"numero":318,"ano":2025,"numero_protocolo":1104,"data_apresentacao":"2025-11-14","tipo_apresentacao":"E","data_publicacao":null,"numero_origem_externa":"","ano_origem_externa":null,"data_origem_externa":null,"apelido":"","dias_prazo":null,"data_fim_prazo":null,"em_tramitacao":false,"polemica":false,"objeto":"","complementar":false,"ementa":"Comiss\u00e3o de Aten\u00e7\u00e3o a Pessoa com Defici\u00eancia.\r\nAssunto: Projeto de Lei n\u00ba 098 de 2025 de autoria da Ver\u00aa Rachel Secundo. \r\nEmenta: INSTITUI DIRETRIZES PARA PROMO\u00c7\u00c3O DA EMPREGABILIDADE DA PESSOA COM DEFICI\u00caNCIA (PCD) NO MUNIC\u00cdPIO DE ITAGUA\u00cd, CRIA A FEIRA MUNICIPAL DE EMPREGABILIDADE DA PESSOA COM DEFICI\u00caNCIA E O M\u00caS DA EMPREGABILIDADE DA PESSOA COM DEFICI\u00caNCIA, E D\u00c1 OUTRAS PROVID\u00caNCIAS.\r\nRelator: Ver. Fabio Rocha. \r\nAnalisando o Projeto de Lei em ep\u00edgrafe, opino pela sua Aprova\u00e7\u00e3o.\r\n \u00c9 o Parecer. \r\nSala das Comiss\u00f5es, 30 de outubro de 2025.\r\nass. Ver.\u00aa Patr\u00edcia Fernanda kuchenbecker - Presidente;\r\nass. Fabio Rocha - Relator;\r\nass. Rachel Secundo - Membro.","indexacao":"","observacao":"","resultado":"","texto_original":"http://sapl.itaguai.rj.leg.br/media/sapl/public/materialegislativa/2025/5104/parecer_98.pdf","data_ultima_atualizacao":"2025-11-18T16:47:00.085204-03:00","ip":"45.169.84.47","ultima_edicao":"2025-11-14T16:41:21.361490-03:00","tipo":12,"regime_tramitacao":1,"tipo_origem_externa":null,"local_origem_externa":null,"user":5,"anexadas":[],"autores":[25]}